{"id":20,"date":"2025-08-04T19:13:59","date_gmt":"2025-08-04T19:13:59","guid":{"rendered":"https:\/\/blog.joaocurado.com.br\/wordpress\/?p=20"},"modified":"2025-08-04T19:14:02","modified_gmt":"2025-08-04T19:14:02","slug":"difal-do-icms-em-vendas-para-entidades-imunes","status":"publish","type":"post","link":"https:\/\/blog.joaocurado.com.br\/wordpress\/index.php\/2025\/08\/04\/difal-do-icms-em-vendas-para-entidades-imunes\/","title":{"rendered":"Difal do ICMS em Vendas para Entidades Imunes"},"content":{"rendered":"\n<p class=\"is-style-text-subtitle is-style-text-subtitle--1\">Entenda por que a Cobran\u00e7a Cria um Paradoxo Fiscal<\/p>\n\n\n\n<pre class=\"wp-block-preformatted is-style-text-annotation\"><strong>Not\u00edcias &amp; An\u00e1lises Tribut\u00e1rias | Jo\u00e3o Curado Contabilidade<\/strong><br><\/pre>\n\n\n\n<p>Empresas de todo o Brasil que vendem para hospitais filantr\u00f3picos, igrejas, sindicatos e outras institui\u00e7\u00f5es sem fins lucrativos enfrentam, atualmente, uma grande incerteza: devem ou n\u00e3o recolher o Diferencial de Al\u00edquotas do ICMS (Difal) nessas opera\u00e7\u00f5es?<\/p>\n\n\n\n<p>A quest\u00e3o \u00e9, sem d\u00favida, complexa e est\u00e1 no centro de um importante debate jur\u00eddico. <strong>Isso porque<\/strong> a cobran\u00e7a, defendida pelos estados, cria uma situa\u00e7\u00e3o paradoxal que distorce a finalidade do pr\u00f3prio Difal. <strong>Por isso<\/strong>, aqui no blog da <strong>Jo\u00e3o Curado Contabilidade<\/strong>, vamos descomplicar o tema e explicar por que essa exig\u00eancia \u00e9 altamente question\u00e1vel.<\/p>\n\n\n\n<h4 class=\"wp-block-heading\"><strong>Primeiramente: Para que Serve o Difal?<\/strong><\/h4>\n\n\n\n<p><strong>Antes de mais nada<\/strong>, \u00e9 preciso lembrar que o Difal, criado pela Emenda Constitucional 87\/2015, nasceu com um prop\u00f3sito claro: equilibrar a arrecada\u00e7\u00e3o de ICMS entre os estados e, <strong>consequentemente<\/strong>, promover a concorr\u00eancia leal. Antigamente, era mais vantajoso para o consumidor final comprar de um fornecedor de outro estado, pois a al\u00edquota de ICMS interestadual era menor que a interna. <strong>Como resultado<\/strong>, com a cria\u00e7\u00e3o do Difal, a diferen\u00e7a entre as al\u00edquotas passou a ser recolhida para o estado de destino do produto, tornando a carga tribut\u00e1ria da compra interestadual similar \u00e0 da compra local. <strong>Em suma<\/strong>, o objetivo era nobre: proteger o com\u00e9rcio local.<\/p>\n\n\n\n<h4 class=\"wp-block-heading\"><strong>O Paradoxo: Quando a Solu\u00e7\u00e3o Vira o Problema<\/strong><br><\/h4>\n\n\n\n<p><strong>No entanto<\/strong>, o problema surge justamente quando o consumidor final \u00e9 uma entidade com imunidade tribut\u00e1ria. <strong>Nesses casos<\/strong>, a cobran\u00e7a do Difal inverte completamente a sua l\u00f3gica e, em vez de equilibrar, gera um grave desequil\u00edbrio.<\/p>\n\n\n\n<p>Para ilustrar, vamos a um exemplo pr\u00e1tico:<\/p>\n\n\n\n<ul class=\"wp-block-list\">\n<li><strong>Cen\u00e1rio A &#8211; Venda Interna:<\/strong> Uma empresa de Goi\u00e1s vende um produto para um hospital filantr\u00f3pico localizado no pr\u00f3prio estado de Goi\u00e1s. Por for\u00e7a da imunidade constitucional, <strong>esta opera\u00e7\u00e3o n\u00e3o sofre incid\u00eancia de ICMS.<\/strong><\/li>\n\n\n\n<li><strong>Cen\u00e1rio B &#8211; Venda Interestadual:<\/strong> <strong>Por outro lado<\/strong>, uma empresa de S\u00e3o Paulo vende o mesmo produto para o mesmo hospital filantr\u00f3pico em Goi\u00e1s. Neste caso, o Fisco goiano exige que a empresa paulista recolha o Difal. Esse custo, <strong>invariavelmente<\/strong>, \u00e9 repassado no pre\u00e7o final para o hospital.<\/li>\n<\/ul>\n\n\n\n<p><strong>Portanto<\/strong>, o resultado \u00e9 um absurdo fiscal: a compra interestadual se torna <strong>mais cara<\/strong> que a compra local, unicamente por causa de um imposto que n\u00e3o existiria na opera\u00e7\u00e3o interna. <strong>Dessa forma<\/strong>, a regra que deveria garantir a isonomia acaba por penalizar a livre circula\u00e7\u00e3o de mercadorias e onerar financeiramente uma entidade que a pr\u00f3pria Constitui\u00e7\u00e3o protege de impostos.<\/p>\n\n\n\n<h4 class=\"wp-block-heading\"><strong>A For\u00e7a da Imunidade Constitucional<\/strong><\/h4>\n\n\n\n<p><strong>Al\u00e9m da l\u00f3gica econ\u00f4mica<\/strong>, o principal argumento contra a cobran\u00e7a \u00e9 que a imunidade tribut\u00e1ria, prevista na Constitui\u00e7\u00e3o Federal, \u00e9 uma prote\u00e7\u00e3o superior a qualquer lei ou regra estadual. <strong>Em outras palavras<\/strong>, ela \u00e9 uma limita\u00e7\u00e3o direta ao poder de tributar do Estado.<\/p>\n\n\n\n<p>A l\u00f3gica \u00e9 simples: se o comprador final (a entidade) \u00e9 imune ao imposto, n\u00e3o h\u00e1 fato gerador que justifique a cobran\u00e7a. <strong>Sendo assim<\/strong>, atribuir ao vendedor a responsabilidade pelo recolhimento do Difal \u00e9 uma forma indireta de contornar a imunidade e impor o \u00f4nus tribut\u00e1rio \u00e0 entidade protegida.<\/p>\n\n\n\n<p>Essa linha de racioc\u00ednio se fortalece ainda mais quando lembramos que o STF j\u00e1 decidiu de forma similar em outros casos, como ao afastar a cobran\u00e7a do Difal de empresas do Simples Nacional. <strong>Afinal<\/strong>, se um regime especial criado por lei teve essa for\u00e7a, com muito mais raz\u00e3o deve ter a imunidade, que est\u00e1 gravada na pr\u00f3pria Constitui\u00e7\u00e3o.<\/p>\n\n\n\n<h4 class=\"wp-block-heading\"><strong>Enfim, Qual o Cen\u00e1rio Atual e o que Fazer?<\/strong><\/h4>\n\n\n\n<p><strong>Diante de tudo isso<\/strong>, o cen\u00e1rio atual \u00e9 de grande inseguran\u00e7a jur\u00eddica, <strong>pois<\/strong> ainda n\u00e3o h\u00e1 uma decis\u00e3o final do Supremo Tribunal Federal (STF) sobre o tema. Os estados, por sua vez, continuam a exigir o imposto, e as empresas que n\u00e3o o recolhem correm o risco de autua\u00e7\u00f5es.<\/p>\n\n\n\n<p><strong>Sendo assim<\/strong>, a recomenda\u00e7\u00e3o da <strong>Jo\u00e3o Curado Contabilidade<\/strong> \u00e9 a seguinte:<\/p>\n\n\n\n<ol start=\"1\" class=\"wp-block-list\">\n<li><strong>Em primeiro lugar, revise suas opera\u00e7\u00f5es:<\/strong> Identifique se sua empresa realiza vendas interestaduais para consumidores finais que se enquadram como entidades imunes.<\/li>\n\n\n\n<li><strong>Em seguida, analise o risco:<\/strong> Avalie o impacto financeiro do recolhimento do Difal nessas opera\u00e7\u00f5es e os riscos de uma eventual autua\u00e7\u00e3o caso opte por n\u00e3o pagar.<\/li>\n\n\n\n<li><strong>Finalmente, busque seguran\u00e7a jur\u00eddica:<\/strong> Empresas impactadas podem, com o apoio de sua assessoria cont\u00e1bil e jur\u00eddica, buscar medidas judiciais para garantir o direito de n\u00e3o recolher o imposto e at\u00e9 mesmo solicitar a restitui\u00e7\u00e3o dos valores pagos indevidamente nos \u00faltimos cinco anos.<\/li>\n<\/ol>\n\n\n\n<p>Nossa equipe est\u00e1 atenta a todas as movimenta\u00e7\u00f5es sobre este importante assunto para, <strong>assim<\/strong>, orientar nossos clientes a tomarem as decis\u00f5es mais seguras e estrat\u00e9gicas para seus neg\u00f3cios.<\/p>\n\n\n\n<p><strong>Ficou com alguma d\u00favida? Entre em contato conosco!<\/strong><\/p>\n\n\n<div class=\"wp-block-post-author-name\">Murillo Curado<\/div>\n\n<div class=\"wp-block-post-date\"><time datetime=\"2025-08-04T19:13:59+00:00\">agosto 4, 2025<\/time><\/div>\n\n\n<div class=\"wp-block-comments\">\n\n\n\n\n\n\t<div id=\"respond\" class=\"comment-respond wp-block-post-comments-form\">\n\t\t<h3 id=\"reply-title\" class=\"comment-reply-title\">Deixe um coment\u00e1rio <small><a rel=\"nofollow\" id=\"cancel-comment-reply-link\" href=\"\/wordpress\/index.php\/wp-json\/wp\/v2\/posts\/20#respond\" style=\"display:none;\">Cancelar resposta<\/a><\/small><\/h3><form action=\"https:\/\/blog.joaocurado.com.br\/wordpress\/wp-comments-post.php\" method=\"post\" id=\"commentform\" class=\"comment-form\"><p class=\"comment-notes\"><span id=\"email-notes\">O seu endere\u00e7o de e-mail n\u00e3o ser\u00e1 publicado.<\/span> <span class=\"required-field-message\">Campos obrigat\u00f3rios s\u00e3o marcados com <span class=\"required\">*<\/span><\/span><\/p><p class=\"comment-form-comment\"><label for=\"comment\">Coment\u00e1rio <span class=\"required\">*<\/span><\/label> <textarea id=\"comment\" name=\"comment\" cols=\"45\" rows=\"8\" maxlength=\"65525\" required><\/textarea><\/p><p class=\"comment-form-author\"><label for=\"author\">Nome <span class=\"required\">*<\/span><\/label> <input id=\"author\" name=\"author\" type=\"text\" value=\"\" size=\"30\" maxlength=\"245\" autocomplete=\"name\" required \/><\/p>\n<p class=\"comment-form-email\"><label for=\"email\">E-mail <span class=\"required\">*<\/span><\/label> <input id=\"email\" name=\"email\" type=\"email\" value=\"\" size=\"30\" maxlength=\"100\" aria-describedby=\"email-notes\" autocomplete=\"email\" required \/><\/p>\n<p class=\"comment-form-url\"><label for=\"url\">Site<\/label> <input id=\"url\" name=\"url\" type=\"url\" value=\"\" size=\"30\" maxlength=\"200\" autocomplete=\"url\" \/><\/p>\n<p class=\"comment-form-cookies-consent\"><input id=\"wp-comment-cookies-consent\" name=\"wp-comment-cookies-consent\" type=\"checkbox\" value=\"yes\" \/> <label for=\"wp-comment-cookies-consent\">Salvar meus dados neste navegador para a pr\u00f3xima vez que eu comentar.<\/label><\/p>\n<p class=\"form-submit wp-block-button\"><input name=\"submit\" type=\"submit\" id=\"submit\" class=\"wp-block-button__link wp-element-button\" value=\"Publicar coment\u00e1rio\" \/> <input type='hidden' name='comment_post_ID' value='20' id='comment_post_ID' \/>\n<input type='hidden' name='comment_parent' id='comment_parent' value='0' \/>\n<\/p><\/form>\t<\/div><!-- #respond -->\n\t<\/div>\n","protected":false},"excerpt":{"rendered":"<p>Entenda por que a Cobran\u00e7a Cria um Paradoxo Fiscal Not\u00edcias &amp; An\u00e1lises Tribut\u00e1rias | Jo\u00e3o Curado Contabilidade Empresas de todo o Brasil que vendem para hospitais filantr\u00f3picos, igrejas, sindicatos e outras institui\u00e7\u00f5es sem fins lucrativos enfrentam, atualmente, uma grande incerteza: devem ou n\u00e3o recolher o Diferencial de Al\u00edquotas do ICMS (Difal) nessas opera\u00e7\u00f5es? A quest\u00e3o [&hellip;]<\/p>\n","protected":false},"author":1,"featured_media":22,"comment_status":"open","ping_status":"open","sticky":false,"template":"","format":"standard","meta":{"footnotes":""},"categories":[1],"tags":[],"class_list":["post-20","post","type-post","status-publish","format-standard","has-post-thumbnail","hentry","category-uncategorized"],"yoast_head":"<!-- This site is optimized with the Yoast SEO plugin v24.4 - https:\/\/yoast.com\/wordpress\/plugins\/seo\/ -->\n<title>Difal do ICMS em Vendas para Entidades Imunes - Jo\u00e3o Curado Contabilidade<\/title>\n<meta name=\"robots\" content=\"index, follow, max-snippet:-1, max-image-preview:large, max-video-preview:-1\" \/>\n<link rel=\"canonical\" href=\"https:\/\/blog.joaocurado.com.br\/wordpress\/index.php\/2025\/08\/04\/difal-do-icms-em-vendas-para-entidades-imunes\/\" \/>\n<meta property=\"og:locale\" content=\"pt_BR\" \/>\n<meta property=\"og:type\" content=\"article\" \/>\n<meta property=\"og:title\" content=\"Difal do ICMS em Vendas para Entidades Imunes - Jo\u00e3o Curado Contabilidade\" \/>\n<meta property=\"og:description\" content=\"Entenda por que a Cobran\u00e7a Cria um Paradoxo Fiscal Not\u00edcias &amp; An\u00e1lises Tribut\u00e1rias | Jo\u00e3o Curado Contabilidade Empresas de todo o Brasil que vendem para hospitais filantr\u00f3picos, igrejas, sindicatos e outras institui\u00e7\u00f5es sem fins lucrativos enfrentam, atualmente, uma grande incerteza: devem ou n\u00e3o recolher o Diferencial de Al\u00edquotas do ICMS (Difal) nessas opera\u00e7\u00f5es? A quest\u00e3o [&hellip;]\" \/>\n<meta property=\"og:url\" content=\"https:\/\/blog.joaocurado.com.br\/wordpress\/index.php\/2025\/08\/04\/difal-do-icms-em-vendas-para-entidades-imunes\/\" \/>\n<meta property=\"og:site_name\" content=\"Jo\u00e3o Curado Contabilidade\" \/>\n<meta property=\"article:published_time\" content=\"2025-08-04T19:13:59+00:00\" \/>\n<meta property=\"article:modified_time\" content=\"2025-08-04T19:14:02+00:00\" \/>\n<meta property=\"og:image\" content=\"https:\/\/blog.joaocurado.com.br\/wordpress\/wp-content\/uploads\/2025\/08\/GZp9kNns5s4aQeaSJ9u_e.png\" \/>\n\t<meta property=\"og:image:width\" content=\"1280\" \/>\n\t<meta property=\"og:image:height\" content=\"768\" \/>\n\t<meta property=\"og:image:type\" content=\"image\/png\" \/>\n<meta name=\"author\" content=\"Murillo Curado\" \/>\n<meta name=\"twitter:card\" content=\"summary_large_image\" \/>\n<meta name=\"twitter:creator\" content=\"@murillo.curado\" \/>\n<meta name=\"twitter:label1\" content=\"Escrito por\" \/>\n\t<meta name=\"twitter:data1\" content=\"Murillo Curado\" \/>\n\t<meta name=\"twitter:label2\" content=\"Est. tempo de leitura\" \/>\n\t<meta name=\"twitter:data2\" content=\"5 minutos\" \/>\n<script type=\"application\/ld+json\" class=\"yoast-schema-graph\">{\"@context\":\"https:\/\/schema.org\",\"@graph\":[{\"@type\":\"WebPage\",\"@id\":\"https:\/\/blog.joaocurado.com.br\/wordpress\/index.php\/2025\/08\/04\/difal-do-icms-em-vendas-para-entidades-imunes\/\",\"url\":\"https:\/\/blog.joaocurado.com.br\/wordpress\/index.php\/2025\/08\/04\/difal-do-icms-em-vendas-para-entidades-imunes\/\",\"name\":\"Difal do ICMS em Vendas para Entidades Imunes - Jo\u00e3o Curado Contabilidade\",\"isPartOf\":{\"@id\":\"https:\/\/blog.joaocurado.com.br\/wordpress\/#website\"},\"primaryImageOfPage\":{\"@id\":\"https:\/\/blog.joaocurado.com.br\/wordpress\/index.php\/2025\/08\/04\/difal-do-icms-em-vendas-para-entidades-imunes\/#primaryimage\"},\"image\":{\"@id\":\"https:\/\/blog.joaocurado.com.br\/wordpress\/index.php\/2025\/08\/04\/difal-do-icms-em-vendas-para-entidades-imunes\/#primaryimage\"},\"thumbnailUrl\":\"https:\/\/blog.joaocurado.com.br\/wordpress\/wp-content\/uploads\/2025\/08\/GZp9kNns5s4aQeaSJ9u_e.png\",\"datePublished\":\"2025-08-04T19:13:59+00:00\",\"dateModified\":\"2025-08-04T19:14:02+00:00\",\"author\":{\"@id\":\"https:\/\/blog.joaocurado.com.br\/wordpress\/#\/schema\/person\/f93e83256c6cb27ccb8fd1cdf033099f\"},\"breadcrumb\":{\"@id\":\"https:\/\/blog.joaocurado.com.br\/wordpress\/index.php\/2025\/08\/04\/difal-do-icms-em-vendas-para-entidades-imunes\/#breadcrumb\"},\"inLanguage\":\"pt-BR\",\"potentialAction\":[{\"@type\":\"ReadAction\",\"target\":[\"https:\/\/blog.joaocurado.com.br\/wordpress\/index.php\/2025\/08\/04\/difal-do-icms-em-vendas-para-entidades-imunes\/\"]}]},{\"@type\":\"ImageObject\",\"inLanguage\":\"pt-BR\",\"@id\":\"https:\/\/blog.joaocurado.com.br\/wordpress\/index.php\/2025\/08\/04\/difal-do-icms-em-vendas-para-entidades-imunes\/#primaryimage\",\"url\":\"https:\/\/blog.joaocurado.com.br\/wordpress\/wp-content\/uploads\/2025\/08\/GZp9kNns5s4aQeaSJ9u_e.png\",\"contentUrl\":\"https:\/\/blog.joaocurado.com.br\/wordpress\/wp-content\/uploads\/2025\/08\/GZp9kNns5s4aQeaSJ9u_e.png\",\"width\":1280,\"height\":768},{\"@type\":\"BreadcrumbList\",\"@id\":\"https:\/\/blog.joaocurado.com.br\/wordpress\/index.php\/2025\/08\/04\/difal-do-icms-em-vendas-para-entidades-imunes\/#breadcrumb\",\"itemListElement\":[{\"@type\":\"ListItem\",\"position\":1,\"name\":\"In\u00edcio\",\"item\":\"https:\/\/blog.joaocurado.com.br\/wordpress\/\"},{\"@type\":\"ListItem\",\"position\":2,\"name\":\"Difal do ICMS em Vendas para Entidades Imunes\"}]},{\"@type\":\"WebSite\",\"@id\":\"https:\/\/blog.joaocurado.com.br\/wordpress\/#website\",\"url\":\"https:\/\/blog.joaocurado.com.br\/wordpress\/\",\"name\":\"Jo\u00e3o Curado Contabilidade\",\"description\":\"Blog de Informa\u00e7\u00f5es\",\"potentialAction\":[{\"@type\":\"SearchAction\",\"target\":{\"@type\":\"EntryPoint\",\"urlTemplate\":\"https:\/\/blog.joaocurado.com.br\/wordpress\/?s={search_term_string}\"},\"query-input\":{\"@type\":\"PropertyValueSpecification\",\"valueRequired\":true,\"valueName\":\"search_term_string\"}}],\"inLanguage\":\"pt-BR\"},{\"@type\":\"Person\",\"@id\":\"https:\/\/blog.joaocurado.com.br\/wordpress\/#\/schema\/person\/f93e83256c6cb27ccb8fd1cdf033099f\",\"name\":\"Murillo Curado\",\"image\":{\"@type\":\"ImageObject\",\"inLanguage\":\"pt-BR\",\"@id\":\"https:\/\/blog.joaocurado.com.br\/wordpress\/#\/schema\/person\/image\/\",\"url\":\"https:\/\/secure.gravatar.com\/avatar\/9aaa7df5ff195d01d6031527da7beb099e0eaa2eacfb44e82e11883e51c74608?s=96&d=mm&r=g\",\"contentUrl\":\"https:\/\/secure.gravatar.com\/avatar\/9aaa7df5ff195d01d6031527da7beb099e0eaa2eacfb44e82e11883e51c74608?s=96&d=mm&r=g\",\"caption\":\"Murillo Curado\"},\"sameAs\":[\"https:\/\/blog.joaocurado.com.br\/wordpress\",\"https:\/\/www.instagram.com\/murillo.curado\/\",\"https:\/\/x.com\/murillo.curado\"],\"url\":\"https:\/\/blog.joaocurado.com.br\/wordpress\/index.php\/author\/murillo\/\"}]}<\/script>\n<!-- \/ Yoast SEO plugin. -->","yoast_head_json":{"title":"Difal do ICMS em Vendas para Entidades Imunes - Jo\u00e3o Curado Contabilidade","robots":{"index":"index","follow":"follow","max-snippet":"max-snippet:-1","max-image-preview":"max-image-preview:large","max-video-preview":"max-video-preview:-1"},"canonical":"https:\/\/blog.joaocurado.com.br\/wordpress\/index.php\/2025\/08\/04\/difal-do-icms-em-vendas-para-entidades-imunes\/","og_locale":"pt_BR","og_type":"article","og_title":"Difal do ICMS em Vendas para Entidades Imunes - Jo\u00e3o Curado Contabilidade","og_description":"Entenda por que a Cobran\u00e7a Cria um Paradoxo Fiscal Not\u00edcias &amp; An\u00e1lises Tribut\u00e1rias | Jo\u00e3o Curado Contabilidade Empresas de todo o Brasil que vendem para hospitais filantr\u00f3picos, igrejas, sindicatos e outras institui\u00e7\u00f5es sem fins lucrativos enfrentam, atualmente, uma grande incerteza: devem ou n\u00e3o recolher o Diferencial de Al\u00edquotas do ICMS (Difal) nessas opera\u00e7\u00f5es? A quest\u00e3o [&hellip;]","og_url":"https:\/\/blog.joaocurado.com.br\/wordpress\/index.php\/2025\/08\/04\/difal-do-icms-em-vendas-para-entidades-imunes\/","og_site_name":"Jo\u00e3o Curado Contabilidade","article_published_time":"2025-08-04T19:13:59+00:00","article_modified_time":"2025-08-04T19:14:02+00:00","og_image":[{"width":1280,"height":768,"url":"https:\/\/blog.joaocurado.com.br\/wordpress\/wp-content\/uploads\/2025\/08\/GZp9kNns5s4aQeaSJ9u_e.png","type":"image\/png"}],"author":"Murillo Curado","twitter_card":"summary_large_image","twitter_creator":"@murillo.curado","twitter_misc":{"Escrito por":"Murillo Curado","Est. tempo de leitura":"5 minutos"},"schema":{"@context":"https:\/\/schema.org","@graph":[{"@type":"WebPage","@id":"https:\/\/blog.joaocurado.com.br\/wordpress\/index.php\/2025\/08\/04\/difal-do-icms-em-vendas-para-entidades-imunes\/","url":"https:\/\/blog.joaocurado.com.br\/wordpress\/index.php\/2025\/08\/04\/difal-do-icms-em-vendas-para-entidades-imunes\/","name":"Difal do ICMS em Vendas para Entidades Imunes - Jo\u00e3o Curado Contabilidade","isPartOf":{"@id":"https:\/\/blog.joaocurado.com.br\/wordpress\/#website"},"primaryImageOfPage":{"@id":"https:\/\/blog.joaocurado.com.br\/wordpress\/index.php\/2025\/08\/04\/difal-do-icms-em-vendas-para-entidades-imunes\/#primaryimage"},"image":{"@id":"https:\/\/blog.joaocurado.com.br\/wordpress\/index.php\/2025\/08\/04\/difal-do-icms-em-vendas-para-entidades-imunes\/#primaryimage"},"thumbnailUrl":"https:\/\/blog.joaocurado.com.br\/wordpress\/wp-content\/uploads\/2025\/08\/GZp9kNns5s4aQeaSJ9u_e.png","datePublished":"2025-08-04T19:13:59+00:00","dateModified":"2025-08-04T19:14:02+00:00","author":{"@id":"https:\/\/blog.joaocurado.com.br\/wordpress\/#\/schema\/person\/f93e83256c6cb27ccb8fd1cdf033099f"},"breadcrumb":{"@id":"https:\/\/blog.joaocurado.com.br\/wordpress\/index.php\/2025\/08\/04\/difal-do-icms-em-vendas-para-entidades-imunes\/#breadcrumb"},"inLanguage":"pt-BR","potentialAction":[{"@type":"ReadAction","target":["https:\/\/blog.joaocurado.com.br\/wordpress\/index.php\/2025\/08\/04\/difal-do-icms-em-vendas-para-entidades-imunes\/"]}]},{"@type":"ImageObject","inLanguage":"pt-BR","@id":"https:\/\/blog.joaocurado.com.br\/wordpress\/index.php\/2025\/08\/04\/difal-do-icms-em-vendas-para-entidades-imunes\/#primaryimage","url":"https:\/\/blog.joaocurado.com.br\/wordpress\/wp-content\/uploads\/2025\/08\/GZp9kNns5s4aQeaSJ9u_e.png","contentUrl":"https:\/\/blog.joaocurado.com.br\/wordpress\/wp-content\/uploads\/2025\/08\/GZp9kNns5s4aQeaSJ9u_e.png","width":1280,"height":768},{"@type":"BreadcrumbList","@id":"https:\/\/blog.joaocurado.com.br\/wordpress\/index.php\/2025\/08\/04\/difal-do-icms-em-vendas-para-entidades-imunes\/#breadcrumb","itemListElement":[{"@type":"ListItem","position":1,"name":"In\u00edcio","item":"https:\/\/blog.joaocurado.com.br\/wordpress\/"},{"@type":"ListItem","position":2,"name":"Difal do ICMS em Vendas para Entidades Imunes"}]},{"@type":"WebSite","@id":"https:\/\/blog.joaocurado.com.br\/wordpress\/#website","url":"https:\/\/blog.joaocurado.com.br\/wordpress\/","name":"Jo\u00e3o Curado Contabilidade","description":"Blog de Informa\u00e7\u00f5es","potentialAction":[{"@type":"SearchAction","target":{"@type":"EntryPoint","urlTemplate":"https:\/\/blog.joaocurado.com.br\/wordpress\/?s={search_term_string}"},"query-input":{"@type":"PropertyValueSpecification","valueRequired":true,"valueName":"search_term_string"}}],"inLanguage":"pt-BR"},{"@type":"Person","@id":"https:\/\/blog.joaocurado.com.br\/wordpress\/#\/schema\/person\/f93e83256c6cb27ccb8fd1cdf033099f","name":"Murillo Curado","image":{"@type":"ImageObject","inLanguage":"pt-BR","@id":"https:\/\/blog.joaocurado.com.br\/wordpress\/#\/schema\/person\/image\/","url":"https:\/\/secure.gravatar.com\/avatar\/9aaa7df5ff195d01d6031527da7beb099e0eaa2eacfb44e82e11883e51c74608?s=96&d=mm&r=g","contentUrl":"https:\/\/secure.gravatar.com\/avatar\/9aaa7df5ff195d01d6031527da7beb099e0eaa2eacfb44e82e11883e51c74608?s=96&d=mm&r=g","caption":"Murillo Curado"},"sameAs":["https:\/\/blog.joaocurado.com.br\/wordpress","https:\/\/www.instagram.com\/murillo.curado\/","https:\/\/x.com\/murillo.curado"],"url":"https:\/\/blog.joaocurado.com.br\/wordpress\/index.php\/author\/murillo\/"}]}},"_links":{"self":[{"href":"https:\/\/blog.joaocurado.com.br\/wordpress\/index.php\/wp-json\/wp\/v2\/posts\/20","targetHints":{"allow":["GET"]}}],"collection":[{"href":"https:\/\/blog.joaocurado.com.br\/wordpress\/index.php\/wp-json\/wp\/v2\/posts"}],"about":[{"href":"https:\/\/blog.joaocurado.com.br\/wordpress\/index.php\/wp-json\/wp\/v2\/types\/post"}],"author":[{"embeddable":true,"href":"https:\/\/blog.joaocurado.com.br\/wordpress\/index.php\/wp-json\/wp\/v2\/users\/1"}],"replies":[{"embeddable":true,"href":"https:\/\/blog.joaocurado.com.br\/wordpress\/index.php\/wp-json\/wp\/v2\/comments?post=20"}],"version-history":[{"count":1,"href":"https:\/\/blog.joaocurado.com.br\/wordpress\/index.php\/wp-json\/wp\/v2\/posts\/20\/revisions"}],"predecessor-version":[{"id":23,"href":"https:\/\/blog.joaocurado.com.br\/wordpress\/index.php\/wp-json\/wp\/v2\/posts\/20\/revisions\/23"}],"wp:featuredmedia":[{"embeddable":true,"href":"https:\/\/blog.joaocurado.com.br\/wordpress\/index.php\/wp-json\/wp\/v2\/media\/22"}],"wp:attachment":[{"href":"https:\/\/blog.joaocurado.com.br\/wordpress\/index.php\/wp-json\/wp\/v2\/media?parent=20"}],"wp:term":[{"taxonomy":"category","embeddable":true,"href":"https:\/\/blog.joaocurado.com.br\/wordpress\/index.php\/wp-json\/wp\/v2\/categories?post=20"},{"taxonomy":"post_tag","embeddable":true,"href":"https:\/\/blog.joaocurado.com.br\/wordpress\/index.php\/wp-json\/wp\/v2\/tags?post=20"}],"curies":[{"name":"wp","href":"https:\/\/api.w.org\/{rel}","templated":true}]}}